{"id":16948,"date":"2026-04-29T10:06:23","date_gmt":"2026-04-29T08:06:23","guid":{"rendered":"https:\/\/www.vitalseguro.com\/?p=16948"},"modified":"2026-04-29T11:59:43","modified_gmt":"2026-04-29T09:59:43","slug":"benestar-emocional-autocura-adult","status":"publish","type":"post","link":"https:\/\/www.vitalseguro.com\/ca\/blog\/noticies\/benestar-emocional-autocura-adult\/","title":{"rendered":"Benestar emocional i autocura a la vida adulta"},"content":{"rendered":"<p>[vc_row][vc_column][vc_column_text]<\/p>\n<h2>Benestar emocional i autocura a la vida adulta<\/h2>\n<p>La vida adulta ha esdevingut, per a moltes persones, una marat\u00f3 de responsabilitats: feina, fam\u00edlia, cura de gent gran, hipoteca, formaci\u00f3 cont\u00ednua. En aquest context, el benestar emocional sol ser el primer que s&#8217;ajorna. \u00c9s el \u201cquan tingui temps\u201d que mai arriba.<\/p>\n<p>Les dades sostenen aquesta percepci\u00f3. Segons el Bar\u00f2metre de Salut Mental del <a href=\"http:\/\/cis.es\">Centre d&#8217;Investigacions Sociol\u00f2giques (CIS, 2024)<\/a>, el 43% dels adults a Espanya declara haver passat per un problema de salut mental a l&#8217;\u00faltim any, i un 6,4% admet haver tingut ideaci\u00f3 su\u00efcida. L&#8217;informe &#8220;Health at a Glance: Europe 2022&#8221; de l&#8217;<a href=\"http:\/\/oecd.org\">OCDE<\/a> i la Comissi\u00f3 Europea confirma que els problemes de salut mental costen al continent un 4% del PIB.<\/p>\n<p>L&#8217;<a href=\"http:\/\/who.int\/health-topics\/mental-health\">Organitzaci\u00f3 Mundial de la Salut (OMS)<\/a> defineix la salut com &#8220;un estat de benestar f\u00edsic, mental i social complet, i no nom\u00e9s l&#8217;abs\u00e8ncia d&#8217;afeccions o malalties&#8221;. Aquesta definici\u00f3, vigent des del 1948, inclou expl\u00edcitament la dimensi\u00f3 emocional. Tot i aix\u00f2, durant d\u00e8cades la medicina s&#8217;ha centrat m\u00e9s a tractar la malaltia que a cultivar el benestar.<\/p>\n<p>El benestar emocional no \u00e9s un estat permanent de felicitat: \u00e9s la capacitat de recon\u00e8ixer, regular i aprofitar les pr\u00f2pies emocions, mantenir relacions saludables, afrontar les adversitats i viure amb sentit. En aquesta guia analitzem qu\u00e8 diu la ci\u00e8ncia sobre el benestar emocional, per qu\u00e8 \u00e9s cr\u00edtic a la vida adulta i quines estrat\u00e8gies d&#8217;autocura permeten cultivar-lo. Si vols con\u00e8ixer tots els factors que influeixen a la teva salut, et recomanem el nostre article dedicat.<\/p>\n<p>\u2500\u2500\u2500\u2500\u2500\u2500\u2500\u2500\u2500\u2500\u2500\u2500\u2500\u2500\u2500\u2500\u2500\u2500\u2500\u2500\u2500\u2500\u2500\u2500\u2500\u2500\u2500\u2500\u2500\u2500\u2500\u2500\u2500\u2500\u2500\u2500\u2500\u2500\u2500\u2500\u2500\u2500\u2500\u2500\u2500\u2500\u2500\u2500\u2500\u2500\u2500<\/p>\n<h2>Qu\u00e8 \u00e9s el benestar emocional: definici\u00f3 i components<\/h2>\n<p>El benestar emocional \u00e9s un concepte multidimensional. La psicologia positiva i la medicina conductual ho descomponen habitualment en diversos components integrables.<\/p>\n<h3>Benestar hed\u00f2nic<\/h3>\n<p>Balan\u00e7 entre emocions positives i negatives al llarg del temps. Inclou satisfacci\u00f3 vital i afecte positiu. \u00c9s el component m\u00e9s intu\u00eftiu, per\u00f2 no l\u00fanic ni el m\u00e9s important.<\/p>\n<h3>Benestar eudaim\u00f2nic<\/h3>\n<p>Sentit, prop\u00f2sit i autorealitzaci\u00f3. Est\u00e0 m\u00e9s relacionat amb viure d&#8217;acord amb els mateixos valors que amb \u201csentir-se b\u00e9\u201d. Segons estudis com el Midlife in the United States (MIDUS), correlaciona m\u00e9s amb la salut f\u00edsica a llarg termini que el benestar hed\u00f2nic.<\/p>\n<h3>Model PERMA (Seligman)<\/h3>\n<p>Martin Seligman, de la Universitat de Pennsilv\u00e0nia, va proposar cinc pilars:<\/p>\n<ul>\n<li><strong>P <\/strong>ositive emotions (emocions positives)<\/li>\n<li><strong>E<\/strong>ngagement (implicaci\u00f3\/flow)<\/li>\n<li><strong>R <\/strong>elationships (relacions)<\/li>\n<li><strong>M <\/strong>eaning (sentit)<\/li>\n<li><strong>A <\/strong>ccomplishment (\u00e8xits)<\/li>\n<\/ul>\n<h3>Model de Carol Ryff<\/h3>\n<p>Carol Ryff, refer\u00e8ncia en benestar psicol\u00f2gic, identifica sis dimensions:<\/p>\n<ul>\n<li>Autoacceptaci\u00f3<\/li>\n<li>Relacions positives<\/li>\n<li>Autonomia<\/li>\n<li>Domini de l&#8217;entorn<\/li>\n<li>Prop\u00f2sit a la vida<\/li>\n<li>Creixement personal<\/li>\n<\/ul>\n<p>La clau preventiva no \u00e9s \u201csentir-se feli\u00e7\u201d sin\u00f3 construir, a la vida adulta, una relaci\u00f3 equilibrada amb si mateix, amb els altres i amb el propi prop\u00f2sit.<\/p>\n<p>\u2500\u2500\u2500\u2500\u2500\u2500\u2500\u2500\u2500\u2500\u2500\u2500\u2500\u2500\u2500\u2500\u2500\u2500\u2500\u2500\u2500\u2500\u2500\u2500\u2500\u2500\u2500\u2500\u2500\u2500\u2500\u2500\u2500\u2500\u2500\u2500\u2500\u2500\u2500\u2500\u2500\u2500\u2500\u2500\u2500\u2500\u2500\u2500\u2500\u2500\u2500<\/p>\n<h2>Per qu\u00e8 el benestar emocional \u00e9s clau en la vida adulta<\/h2>\n<p>L&#8217;adultesa concentra les c\u00e0rregues vitals m\u00e9s grans de responsabilitat: professionals, familiars, econ\u00f2miques, de cura. Alhora, concentra les finestres principals de decisi\u00f3 sobre h\u00e0bits, estil de vida i prevenci\u00f3. L&#8217;evid\u00e8ncia mostra que el benestar emocional actua com a factor de protecci\u00f3 a m\u00faltiples eixos.<\/p>\n<h3>Impacte del benestar emocional a la salut f\u00edsica<\/h3>\n<ul>\n<li><strong>Sistema cardiovascular: <\/strong>un estudi publicat a Psychosomatic Medicine (2005) va associar el benestar emocional amb menor incid\u00e8ncia de malaltia coron\u00e0ria i millor recuperaci\u00f3 postinfart, fins i tot controlant per factors cl\u00e0ssics.<\/li>\n<li><strong>Sistema immunol\u00f2gic: <\/strong>l&#8217;afecte positiu correlaciona amb m\u00e9s activitat dels limf\u00f2cits NK, menor inflamaci\u00f3 sist\u00e8mica i millor resposta a vacunes.<\/li>\n<li><strong>Longevitat: <\/strong>l&#8217;estudi NUN (Nun Study) va trobar que les emocions positives mesurades en autobiografies de monges als 22 anys predeien m\u00e9s de 10 anys de difer\u00e8ncia en esperan\u00e7a de vida.<\/li>\n<li><strong>Dolor cr\u00f2nic: <\/strong>el benestar emocional modula la percepci\u00f3 del dolor i l&#8217;efic\u00e0cia dels tractaments.<\/li>\n<\/ul>\n<h3>Impacte del benestar emocional a la salut mental<\/h3>\n<ul>\n<li><strong>Prevenci\u00f3 de trastorns: <\/strong>el benestar \u00e9s un factor protector de depressi\u00f3, ansietat i trastorns de consum.<\/li>\n<li><strong>Resili\u00e8ncia: <\/strong>les persones amb benestar eudaim\u00f2nic alt afronten millor les adversitats sense entrar en espirals depressives.<\/li>\n<li><strong>Qualitat de les relacions: <\/strong>el benestar propi es contagia, millora els vincles i protegeix els qui ens envolten.<\/li>\n<li><strong>Rendiment cognitiu: <\/strong>l\u201fafecte positiu amplia l\u201fatenci\u00f3, millora la creativitat i afavoreix la presa de decisions a llarg termini.<\/li>\n<\/ul>\n<p>\u2500\u2500\u2500\u2500\u2500\u2500\u2500\u2500\u2500\u2500\u2500\u2500\u2500\u2500\u2500\u2500\u2500\u2500\u2500\u2500\u2500\u2500\u2500\u2500\u2500\u2500\u2500\u2500\u2500\u2500\u2500\u2500\u2500\u2500\u2500\u2500\u2500\u2500\u2500\u2500\u2500\u2500\u2500\u2500\u2500\u2500\u2500\u2500\u2500\u2500\u2500<\/p>\n<h2>Autocura: qu\u00e8 \u00e9s (i qu\u00e8 no \u00e9s)<\/h2>\n<p>L&#8217;autocura s&#8217;ha banalitzat els darrers anys fins a convertir-se en sin\u00f2nim de bany d&#8217;escuma, compres o escapades de cap de setmana. La definici\u00f3 cl\u00ednica \u00e9s m\u00e9s \u00e0mplia i m\u00e9s exigent.<\/p>\n<p>L&#8217;OMS defineix l&#8217;autocura com &#8220;la capacitat d&#8217;individus, fam\u00edlies i comunitats per promoure la salut, prevenir malalties, mantenir la salut i afrontar la malaltia amb el suport d&#8217;un professional de la salut o sense&#8221;.<\/p>\n<h3>Qu\u00e8 s\u00ed que \u00e9s autocura<\/h3>\n<ul>\n<li>Dormir prou<\/li>\n<li>Alimentar-se de manera equilibrada<\/li>\n<li>Mantenir activitat f\u00edsica regular<\/li>\n<li>Gestionar l&#8217;estr\u00e8s de manera activa<\/li>\n<li>Conrear relacions socials<\/li>\n<li>Demanar ajuda quan es necessita<\/li>\n<li>Posar l\u00edmits saludables<\/li>\n<li>Assistir a revisions m\u00e8diques preventives<\/li>\n<\/ul>\n<h3>Qu\u00e8 no \u00e9s autocura<\/h3>\n<ul>\n<li>Evitar responsabilitats<\/li>\n<li>Confondre a\u00efllament amb descans<\/li>\n<li>Compres compulsives o consum com alleujament<\/li>\n<li>Substituir la ter\u00e0pia per contingut motivacional<\/li>\n<li>Qualsevol conducta que, a mitj\u00e0 termini, empitjora la salut<\/li>\n<\/ul>\n<p>L&#8217;autocura real sol ser menys glamurosa que la de les xarxes socials: \u00e9s anar al metge, rebutjar un comprom\u00eds, sortir a caminar o ficar-se al llit aviat.<\/p>\n<p>\u2500\u2500\u2500\u2500\u2500\u2500\u2500\u2500\u2500\u2500\u2500\u2500\u2500\u2500\u2500\u2500\u2500\u2500\u2500\u2500\u2500\u2500\u2500\u2500\u2500\u2500\u2500\u2500\u2500\u2500\u2500\u2500\u2500\u2500\u2500\u2500\u2500\u2500\u2500\u2500\u2500\u2500\u2500\u2500\u2500\u2500\u2500\u2500\u2500\u2500\u2500<\/p>\n<h2>Com cultivar el <a href=\"https:\/\/www.vitalseguro.com\/ca\/blog-vital-seguro-cat\/\">benestar emocional<\/a>: 10 h\u00e0bits recolzats per la ci\u00e8ncia<\/h2>\n<p>La literatura en psicologia positiva, ter\u00e0pia cognitivoconductual, mindfulness i medicina de l&#8217;estil de vida permet identificar pr\u00e0ctiques amb evid\u00e8ncia acumulada. Aquests s\u00f3n els 10 amb m\u00e9s suport:<\/p>\n<h3>1. Practicar l&#8217;alfabetitzaci\u00f3 emocional<\/h3>\n<p>Posar nom al que se sent (granularitat emocional) redueix la intensitat de l&#8217;emoci\u00f3 i en facilita la regulaci\u00f3. Les investigacions de Lisa Feldman Barrett mostren que les persones amb vocabulari emocional m\u00e9s diferenciat presenten menors nivells d&#8217;ansietat, depressi\u00f3 i consum d&#8217;alcohol.<\/p>\n<p>Pr\u00e0ctica: al final del dia, anomenar amb precisi\u00f3 2-3 emocions que has experimentat, en lloc de dir &#8220;b\u00e9&#8221; o &#8220;malament&#8221;.<\/p>\n<h3>2. Mantenir rutines de son saludables<\/h3>\n<p>El somni regula directament les emocions: una nit insuficient augmenta la reactivitat amigdalar fins a un 60%, segons estudis amb resson\u00e0ncia magn\u00e8tica funcional. La higiene del son \u00e9s un pilar del benestar emocional.<\/p>\n<h3>3. Incorporar activitat f\u00edsica regular<\/h3>\n<p>L&#8217;exercici \u00e9s un dels tractaments no farmacol\u00f2gics m\u00e9s efica\u00e7os davant de la depressi\u00f3 lleu-moderada, segons revisions Cochrane. Allibera BDNF (factor neurotr\u00f2fic derivat del cervell), millora la neuroplasticitat i regula l&#8217;eix HPA.<\/p>\n<p>Recomanaci\u00f3: 150 minuts setmanals d\u00b4intensitat moderada o 75 minuts vigorosa, m\u00e9s 2 sessions de for\u00e7a, segons l\u00b4OMS.<\/p>\n<h3>4. Alimentaci\u00f3 adequada per al cervell<\/h3>\n<p>La dieta mediterr\u00e0nia s&#8217;associa amb menor incid\u00e8ncia de depressi\u00f3 en estudis prospectius com ara el SUN (Universitat de Navarra) i els assaigs SMILES (Austr\u00e0lia). Limitar els ultraprocessats, el sucre refinat i l&#8217;alcohol t\u00e9 efecte demostrat sobre l&#8217;estat d&#8217;\u00e0nim.<\/p>\n<p>Si us interessa aprofundir, consulta el nostre article sobre nutrici\u00f3 i diet\u00e8tica.<\/p>\n<h3>5. Conrear relacions socials de qualitat<\/h3>\n<p>La qualitat de les relacions \u00e9s el predictor m\u00e9s robust de benestar a llarg termini segons el Harvard Study of Adult Development. Prioritzar temps presencial amb persones significatives, practicar escolta activa i reparar conflictes s\u00f3n h\u00e0bits amb efecte acumulatiu. Et recomanem el nostre article sobre l&#8217;impacte de les relacions socials a la longevitat.<\/p>\n<h3>6. Practicar mindfulness o meditaci\u00f3<\/h3>\n<p>La pr\u00e0ctica regular de mindfulness redueix ansietat i s\u00edmptomes depressius, amb efectes comparables als de psicoter\u00e0pies de primera l\u00ednia en molts contextos. Et recomanem el nostre article sobre mindfulness i prevenci\u00f3.<\/p>\n<h3>7. Agra\u00efment intencional<\/h3>\n<p>La pr\u00e0ctica sistem\u00e0tica de la gratitud (escriure 3 coses per les quals esteu agra\u00efts cada dia) ha mostrat en m\u00faltiples assaigs cl\u00ednics millorar l&#8217;estat d&#8217;\u00e0nim, el son i la satisfacci\u00f3 relacional, amb efectes mesurables a partir de 2-3 setmanes.<\/p>\n<h3>8. Temps sense pantalles i contacte amb la natura<\/h3>\n<p>L&#8217;\u00fas intensiu de xarxes socials s&#8217;associa amb m\u00e9s ansietat i depressi\u00f3, especialment en adolescents i adults joves. Reduir el temps en pantalles (sobretot \u00fas passiu) i dedicar temps a la natura (20 minuts en un entorn verd redueixen significativament el cortisol) s\u00f3n mesures amb evid\u00e8ncia consolidada.<\/p>\n<h3>9. Posar l\u00edmits saludables<\/h3>\n<p>Dir &#8220;no&#8221; a compromisos desproporcionats, a din\u00e0miques relacionals t\u00f2xiques oa la hiperdisponibilitat laboral \u00e9s part de l&#8217;autocura. La hiperdisponibilitat sostinguda s&#8217;associa amb burnout, insomni i menys satisfacci\u00f3 vital.<\/p>\n<p>Si vols explorar un ritme de vida m\u00e9s pausat, consulta el nostre article sobre els beneficis de l&#8217;slow life.<\/p>\n<h3>10. Demanar ajuda primerenca<\/h3>\n<p>La detecci\u00f3 preco\u00e7 de s\u00edmptomes d&#8217;ansietat, depressi\u00f3 o esgotament millora dr\u00e0sticament el pron\u00f2stic. La ter\u00e0pia cognitivoconductual (TCC) i altres psicoter\u00e0pies basades en evid\u00e8ncia s\u00f3n eficaces i, en molts casos, de curta durada. Acudir a un professional no \u00e9s senyal de fragilitat: \u00e9s l&#8217;expressi\u00f3 m\u00e9s madura de l&#8217;autocura.<\/p>\n<p>\u2500\u2500\u2500\u2500\u2500\u2500\u2500\u2500\u2500\u2500\u2500\u2500\u2500\u2500\u2500\u2500\u2500\u2500\u2500\u2500\u2500\u2500\u2500\u2500\u2500\u2500\u2500\u2500\u2500\u2500\u2500\u2500\u2500\u2500\u2500\u2500\u2500\u2500\u2500\u2500\u2500\u2500\u2500\u2500\u2500\u2500\u2500\u2500\u2500\u2500\u2500<\/p>\n<h2>Regulaci\u00f3 emocional: estrat\u00e8gies amb m\u00e9s evid\u00e8ncia<\/h2>\n<p>La regulaci\u00f3 emocional \u00e9s la capacitat dinfluir en quines emocions experimentem, quan, amb quina intensitat i com les expressem. James Gross, refer\u00e8ncia al camp, distingeix diverses estrat\u00e8gies:<\/p>\n<h3>Reavaluaci\u00f3 cognitiva<\/h3>\n<p>Reformular la interpretaci\u00f3 d\u201funa situaci\u00f3 per modificar l\u201femoci\u00f3 associada. \u00c9s una de les estrat\u00e8gies m\u00e9s eficaces: s&#8217;associa amb menys reactivitat amigdalar i m\u00e9s activitat prefrontal. Entrenable mitjan\u00e7ant TCC.<\/p>\n<h3>Acceptaci\u00f3<\/h3>\n<p>Observar l&#8217;emoci\u00f3 sense jutjar-la ni intentar suprimir-la. Base de les ter\u00e0pies contextuals (ACT, MBCT). Redueix la remugaci\u00f3 i l&#8217;evitaci\u00f3 experiencial.<\/p>\n<h3>Distracci\u00f3 adaptativa<\/h3>\n<p>Redirigir latenci\u00f3 cap a activitats significatives quan la remugaci\u00f3 sactiva. Efica\u00e7 en emocions de baixa a mitja intensitat.<\/p>\n<h3>Resoluci\u00f3 de problemes<\/h3>\n<p>Quan l&#8217;emoci\u00f3 assenyala un problema solucionable, cal actuar sobre la causa. Estrat\u00e8gia adaptativa clau en estr\u00e8s orientat a problema.<\/p>\n<h3>Expressi\u00f3 emocional regulada<\/h3>\n<p>Comunicar all\u00f2 que se sent amb assertivitat (no amb reactivitat ni amb supressi\u00f3). La supressi\u00f3 emocional cr\u00f2nica sassocia amb pitjor salut mental i relacional.<\/p>\n<h3>Suport social<\/h3>\n<p>Compartiu l&#8217;emoci\u00f3 amb una persona significativa. Activa circuits de regulaci\u00f3 m\u00fatua (coregulaci\u00f3).<\/p>\n<p>\u2500\u2500\u2500\u2500\u2500\u2500\u2500\u2500\u2500\u2500\u2500\u2500\u2500\u2500\u2500\u2500\u2500\u2500\u2500\u2500\u2500\u2500\u2500\u2500\u2500\u2500\u2500\u2500\u2500\u2500\u2500\u2500\u2500\u2500\u2500\u2500\u2500\u2500\u2500\u2500\u2500\u2500\u2500\u2500\u2500\u2500\u2500\u2500\u2500\u2500\u2500<\/p>\n<h2>Senyals que el teu benestar emocional necessita atenci\u00f3 professional<\/h2>\n<p>L&#8217;autogesti\u00f3 t\u00e9 l\u00edmits. Consulta amb un professional si experimentes:<\/p>\n<ul>\n<li>Tristesa, irritabilitat o anhedonia durant m\u00e9s de 2 setmanes<\/li>\n<li>Ansietat persistent que interfereix en la vida di\u00e0ria<\/li>\n<li>Crisi de p\u00e0nic recurrents<\/li>\n<li>Insomni cr\u00f2nic sense resposta a higiene del son<\/li>\n<li>Pensaments intrusius, recurrents o de fer-te mal<\/li>\n<li>Augment del consum d&#8217;alcohol, tabac o altres subst\u00e0ncies<\/li>\n<li>Sensaci\u00f3 sostinguda de desbordament o incapacitat<\/li>\n<li>Conflictes relacionals repetits amb el mateix patr\u00f3<\/li>\n<li>S\u00edmptomes f\u00edsics persistents sense causa m\u00e8dica identificable<\/li>\n<\/ul>\n<p>Si reconeixes aquests senyals, et recomanem el nostre article sobre com gestionar l&#8217;estr\u00e8s de manera preventiva i el nostre article sobre senyals que el teu cos necessita un descans.<\/p>\n<p>\u2500\u2500\u2500\u2500\u2500\u2500\u2500\u2500\u2500\u2500\u2500\u2500\u2500\u2500\u2500\u2500\u2500\u2500\u2500\u2500\u2500\u2500\u2500\u2500\u2500\u2500\u2500\u2500\u2500\u2500\u2500\u2500\u2500\u2500\u2500\u2500\u2500\u2500\u2500\u2500\u2500\u2500\u2500\u2500\u2500\u2500\u2500\u2500\u2500\u2500\u2500<\/p>\n<h2>Autocura en diferents etapes de la vida adulta<\/h2>\n<p>El benestar emocional i l&#8217;autocura tenen necessitats diferents segons l&#8217;etapa vital.<\/p>\n<h3>Adultesa primerenca (25-40 anys)<\/h3>\n<ul>\n<li>Consolidaci\u00f3 professional, vida en parella, crian\u00e7a de fills petits.<\/li>\n<li>Principals riscos: burnout, autoexig\u00e8ncia, desconnexi\u00f3 de hobbies, reducci\u00f3 de la xarxa social.<\/li>\n<li>Focus preventiu: protegir temps de descans i parella, prioritzar salut mental perinatal, mantenir amistats.<\/li>\n<\/ul>\n<h3>Adultesa mitjana (40-55 anys)<\/h3>\n<ul>\n<li>Responsabilitats creuades (fills, pares grans, treball), revisi\u00f3 vital.<\/li>\n<li>Principals riscos: crisi de sentit, &#8220;s\u00edndrome del sandvitx&#8221; (cuidar fills i pares), menopausa\/andropausa, aparici\u00f3 de malalties cr\u00f2niques.<\/li>\n<li>Focus preventiu: revisions m\u00e8diques regulars, suport psicol\u00f2gic si apareix crisi vital, activitat f\u00edsica i alimentaci\u00f3, cura de la parella.<\/li>\n<\/ul>\n<h3>Adultesa madura (55-70 anys)<\/h3>\n<ul>\n<li>Jubilaci\u00f3, niu buit, reorganitzaci\u00f3 identit\u00e0ria.<\/li>\n<li>Principals riscos: p\u00e8rdua de prop\u00f2sit, augment de solitud, inici de deteriorament f\u00edsic.<\/li>\n<li>Focus preventiu: planificaci\u00f3 vital post-laboral, mantenir activitat cognitiva, voluntariat, revisions preventives.<\/li>\n<\/ul>\n<h3>Majors (70+ anys)<\/h3>\n<ul>\n<li>Dols, p\u00e8rdua d&#8217;autonomia progressiva, canvis a la xarxa social.<\/li>\n<li>Principals riscos: depressi\u00f3 geri\u00e0trica, a\u00efllament, deteriorament cognitiu.<\/li>\n<li>Focus preventiu: mantenir vincles, activitat f\u00edsica adaptada, estimulaci\u00f3 cognitiva, acompanyament m\u00e8dic continu.<\/li>\n<\/ul>\n<p>\u2500\u2500\u2500\u2500\u2500\u2500\u2500\u2500\u2500\u2500\u2500\u2500\u2500\u2500\u2500\u2500\u2500\u2500\u2500\u2500\u2500\u2500\u2500\u2500\u2500\u2500\u2500\u2500\u2500\u2500\u2500\u2500\u2500\u2500\u2500\u2500\u2500\u2500\u2500\u2500\u2500\u2500\u2500\u2500\u2500\u2500\u2500\u2500\u2500\u2500\u2500<\/p>\n<h2>Benestar emocional i prevenci\u00f3 en salut: la millor inversi\u00f3<\/h2>\n<p>Tenir cura del benestar emocional no \u00e9s un extra: \u00e9s una de les intervencions m\u00e9s rendibles en salut p\u00fablica. Segons l&#8217;OMS, cada d\u00f2lar invertit en tractament d&#8217;ansietat i depressi\u00f3 genera 4 d\u00f2lars en productivitat i salut.<\/p>\n<p>Un enfocament preventiu integral combina el benestar emocional amb:<\/p>\n<ul>\n<li>Una alimentaci\u00f3 equilibrada adaptada a les teves necessitats<\/li>\n<li>Activitat f\u00edsica regular (almenys 150 minuts setmanals)<\/li>\n<li>Bon descans i rutina de son<\/li>\n<li>Gesti\u00f3 activa de l&#8217;estr\u00e8s<\/li>\n<li>Relacions socials de qualitat<\/li>\n<li>Revisions m\u00e8diques peri\u00f2diques<\/li>\n<\/ul>\n<h3>El paper d&#8217;una <a href=\"https:\/\/www.vitalseguro.com\/ca\">asseguran\u00e7a de salut<\/a> al benestar emocional<\/h3>\n<p>Una asseguran\u00e7a de salut facilita l&#8217;acc\u00e9s a professionals de psicologia cl\u00ednica, psiquiatria, medicina interna, endocrinologia i ginecologia, a m\u00e9s de proves diagn\u00f2stiques i programes preventius. <a href=\"https:\/\/www.vitalseguro.com\/ca\">Vital Seguro<\/a> ofereix cobertura en aquestes especialitats, a m\u00e9s de serveis com a metge de gu\u00e0rdia 24h, orientaci\u00f3 m\u00e8dica i psicol\u00f2gica telef\u00f2nica i videoconsulta a trav\u00e9s de salut digital. Si vols saber com triar la millor asseguran\u00e7a m\u00e8dica per a tu i la teva fam\u00edlia, tenim una guia completa.<\/p>\n<p>\u2500\u2500\u2500\u2500\u2500\u2500\u2500\u2500\u2500\u2500\u2500\u2500\u2500\u2500\u2500\u2500\u2500\u2500\u2500\u2500\u2500\u2500\u2500\u2500\u2500\u2500\u2500\u2500\u2500\u2500\u2500\u2500\u2500\u2500\u2500\u2500\u2500\u2500\u2500\u2500\u2500\u2500\u2500\u2500\u2500\u2500\u2500\u2500\u2500\u2500\u2500<\/p>\n<h2>Mites sobre benestar emocional i autocura<\/h2>\n<h3>Mite: &#8220;Benestar emocional \u00e9s estar sempre b\u00e9.&#8221;<\/h3>\n<p><strong>Realitat: <\/strong>implica experimentar emocions negatives i regular-les, no evitar-les. La supressi\u00f3 emocional cr\u00f2nica sassocia amb pitjor salut mental i f\u00edsica.<\/p>\n<h3>Mite: &#8220;Autocura \u00e9s donar-se capricis.&#8221;<\/h3>\n<p><strong>Realitat: <\/strong>L&#8217;autocura real inclou dormir, alimentar-se b\u00e9, posar l\u00edmits, demanar ajuda i anar al metge. Els capricis puntuals no substitueixen els h\u00e0bits sostinguts.<\/p>\n<h3>Mite: &#8220;Si demano ajuda psicol\u00f2gica \u00e9s perqu\u00e8 s\u00f3c feble.&#8221;<\/h3>\n<p><strong>Realitat: <\/strong>Demanar ajuda primerenca \u00e9s una expressi\u00f3 madura de l&#8217;autocura. L&#8217;evid\u00e8ncia mostra que la intervenci\u00f3 preco\u00e7 millora pron\u00f2stic i redueix la durada del tractament.<\/p>\n<h3>Mite: &#8220;El benestar dep\u00e8n nom\u00e9s de l&#8217;actitud.&#8221;<\/h3>\n<p><strong>Realitat: <\/strong>Dep\u00e8n de m\u00faltiples factors (biol\u00f2gics, psicol\u00f2gics, socials, econ\u00f2mics). L&#8217;actitud \u00e9s rellevant, per\u00f2 no substitueix condicions vitals dignes, vincles de qualitat ni tractament cl\u00ednic quan cal.<\/p>\n<h3>Mite: &#8220;Pensar positiu ho cura tot.&#8221;<\/h3>\n<p><strong>Realitat: <\/strong>El pensament positiu for\u00e7at (\u201cpositivitat t\u00f2xica\u201d) pot generar culpa i empitjorar el benestar. La regulaci\u00f3 emocional efica\u00e7 inclou acceptar, regular i reavaluar, no nom\u00e9s pensar en positiu.<\/p>\n<p>\u2500\u2500\u2500\u2500\u2500\u2500\u2500\u2500\u2500\u2500\u2500\u2500\u2500\u2500\u2500\u2500\u2500\u2500\u2500\u2500\u2500\u2500\u2500\u2500\u2500\u2500\u2500\u2500\u2500\u2500\u2500\u2500\u2500\u2500\u2500\u2500\u2500\u2500\u2500\u2500\u2500\u2500\u2500\u2500\u2500\u2500\u2500\u2500\u2500\u2500\u2500<\/p>\n<h2>Conclusi\u00f3: el benestar emocional \u00e9s una pr\u00e0ctica, no un dest\u00ed<\/h2>\n<p>El benestar emocional no \u00e9s un estat permanent ni un \u00e8xit definitiu: \u00e9s una pr\u00e0ctica cont\u00ednua. Requereix recon\u00e8ixer les emocions, regular-les amb estrat\u00e8gies eficaces, cultivar vincles significatius, mantenir h\u00e0bits saludables i demanar ajuda quan cal.<\/p>\n<p>Els 10 h\u00e0bits que hem revisat en aquesta guia estan recolzats per evid\u00e8ncia i es poden implementar de forma gradual. No es tracta de transformar la vida en una setmana, sin\u00f3 d&#8217;incorporar millores progressives que, sostingudes en el temps, canvi\u00efn la teva relaci\u00f3 amb tu mateix, amb els altres i amb el teu prop\u00f2sit.<\/p>\n<p>Cuida el teu benestar, escolta el teu cos i les teves emocions, i compta amb professionals quan ho necessitis. Descobreix totes les cobertures de Vital Seguro i comen\u00e7a a cuidar la teva salut amb la tranquil\u00b7litat d&#8217;estar ben recolzat.<\/p>\n<p>\u2500\u2500\u2500\u2500\u2500\u2500\u2500\u2500\u2500\u2500\u2500\u2500\u2500\u2500\u2500\u2500\u2500\u2500\u2500\u2500\u2500\u2500\u2500\u2500\u2500\u2500\u2500\u2500\u2500\u2500\u2500\u2500\u2500\u2500\u2500\u2500\u2500\u2500\u2500\u2500\u2500\u2500\u2500\u2500\u2500\u2500\u2500\u2500\u2500\u2500\u2500<\/p>\n<h2>Preguntes freq\u00fcents sobre benestar emocional i autocura<\/h2>\n<h3>Qu\u00e8 \u00e9s el benestar emocional?<\/h3>\n<p>\u00c9s la capacitat de recon\u00e8ixer, regular i aprofitar les pr\u00f2pies emocions, mantenir relacions saludables, afrontar les adversitats i viure amb sentit. Integra components hed\u00f2nics (emocions positives) i eudaim\u00f2nics (prop\u00f2sit i autorealitzaci\u00f3).<\/p>\n<h3>Qu\u00e8 diferencia el benestar emocional de la salut mental?<\/h3>\n<p>La salut mental \u00e9s un concepte m\u00e9s ampli que inclou la manca de trastorns i la capacitat funcional. El benestar emocional \u00e9s una dimensi\u00f3 espec\u00edfica centrada en l&#8217;experi\u00e8ncia i la regulaci\u00f3 emocional i en el sentit de vida.<\/p>\n<h3>Qu\u00e8 \u00e9s l&#8217;autocura des del punt de vista cl\u00ednic?<\/h3>\n<p><a href=\"http:\/\/who.int\/health-topics\/mental-health\">L&#8217;OMS<\/a> el defineix com la capacitat de promoure salut, prevenir malalties, mantenir benestar i afrontar malalties amb suport professional o sense. Inclou somni, alimentaci\u00f3, exercici, gesti\u00f3 de l&#8217;estr\u00e8s, vincles, l\u00edmits i adher\u00e8ncia m\u00e8dica.<\/p>\n<h3>Quins h\u00e0bits milloren m\u00e9s el benestar emocional?<\/h3>\n<p>L&#8217;alfabetitzaci\u00f3 emocional, el son adequat, l&#8217;activitat f\u00edsica, la dieta mediterr\u00e0nia, les relacions de qualitat, el mindfulness, la gratitud, el temps sense pantalles, els l\u00edmits saludables i demanar ajuda a temps s\u00f3n els h\u00e0bits amb m\u00e9s suport cient\u00edfic.<\/p>\n<h3>Quan he d&#8217;acudir a un psic\u00f2leg o psiquiatre?<\/h3>\n<p>Quan els s\u00edmptomes (tristesa, ansietat, insomni, irritabilitat, esgotament) duren m\u00e9s de 2 setmanes, interfereixen amb la teva vida di\u00e0ria, apareixen crisis de p\u00e0nic, pensaments autol\u00edtics o augmenta el consum de subst\u00e0ncies. La intervenci\u00f3 primerenca millora el pron\u00f2stic.<\/p>\n<h3>L&#8217;activitat f\u00edsica millora el benestar emocional?<\/h3>\n<p>S\u00ed. L&#8217;exercici regular \u00e9s un dels tractaments no farmacol\u00f2gics m\u00e9s efica\u00e7os davant de la depressi\u00f3 lleu-moderada i un factor protector consistent davant de l&#8217;ansietat.<\/p>\n<h3>Qu\u00e8 \u00e9s la regulaci\u00f3 emocional?<\/h3>\n<p>\u00c9s la capacitat d&#8217;influir en quines emocions experimentem, amb quina intensitat i com les expressem. Inclou estrat\u00e8gies com ara la reavaluaci\u00f3 cognitiva, l&#8217;acceptaci\u00f3, la resoluci\u00f3 de problemes i l&#8217;expressi\u00f3 regulada.<\/p>\n<h3>La positivitat t\u00f2xica \u00e9s perjudicial?<\/h3>\n<p>S\u00ed. For\u00e7ar-se a \u201cpensar en positiu\u201d i invalidar emocions negatives s&#8217;associa amb culpa, supressi\u00f3 emocional i pitjor salut mental. La regulaci\u00f3 efica\u00e7 inclou acceptar i comprendre totes les emocions, no nom\u00e9s les agradables.<\/p>\n<h3>\u00c9s necess\u00e0ria una asseguran\u00e7a de salut per cuidar el benestar emocional?<\/h3>\n<p>No \u00e9s imprescindible per\u00f2 facilita molt l&#8217;acc\u00e9s a psicologia cl\u00ednica, psiquiatria, medicina interna i programes preventius. Vital Seguro cobreix aquestes especialitats i ofereix orientaci\u00f3 m\u00e8dica i psicol\u00f2gica 24h.<\/p>\n<p>&nbsp;[\/vc_column_text][\/vc_column][\/vc_row]<\/p>\n","protected":false},"excerpt":{"rendered":"<p>El benestar emocional \u00e9s un concepte multidimensional. La psicologia positiva i la medicina conductual ho descomponen habitualment en diversos components integrables.<\/p>\n","protected":false},"author":5,"featured_media":16950,"comment_status":"closed","ping_status":"closed","sticky":false,"template":"","format":"standard","meta":{"footnotes":""},"categories":[31,72],"tags":[],"class_list":["post-16948","post","type-post","status-publish","format-standard","has-post-thumbnail","hentry","category-noticies","category-salut"],"yoast_head":"<!-- This site is optimized with the Yoast SEO plugin v27.5 - https:\/\/yoast.com\/product\/yoast-seo-wordpress\/ -->\n<title>Benestar emocional i autocura a la vida adulta<\/title>\n<meta name=\"description\" content=\"Descobreix qu\u00e8 \u00e9s el benestar emocional, per qu\u00e8 \u00e9s clau a la vida adulta i com cultivar-lo. Guia completa amb autocura, regulaci\u00f3 emocional, h\u00e0bits i estrat\u00e8gies basades en evid\u00e8ncia.\" \/>\n<meta name=\"robots\" content=\"index, follow, max-snippet:-1, max-image-preview:large, max-video-preview:-1\" \/>\n<link rel=\"canonical\" href=\"https:\/\/www.vitalseguro.com\/ca\/blog\/noticies\/benestar-emocional-autocura-adult\/\" \/>\n<meta property=\"og:locale\" content=\"ca_ES\" \/>\n<meta property=\"og:type\" content=\"article\" \/>\n<meta property=\"og:title\" content=\"Benestar emocional i autocura a la vida adulta\" \/>\n<meta property=\"og:description\" content=\"Descobreix qu\u00e8 \u00e9s el benestar emocional, per qu\u00e8 \u00e9s clau a la vida adulta i com cultivar-lo. Guia completa amb autocura, regulaci\u00f3 emocional, h\u00e0bits i estrat\u00e8gies basades en evid\u00e8ncia.\" \/>\n<meta property=\"og:url\" content=\"https:\/\/www.vitalseguro.com\/ca\/blog\/noticies\/benestar-emocional-autocura-adult\/\" \/>\n<meta property=\"og:site_name\" content=\"Vital Seguro\" \/>\n<meta property=\"article:publisher\" content=\"https:\/\/www.facebook.com\/profile.php?id=100045127467032\" \/>\n<meta property=\"article:published_time\" content=\"2026-04-29T08:06:23+00:00\" \/>\n<meta property=\"article:modified_time\" content=\"2026-04-29T09:59:43+00:00\" \/>\n<meta property=\"og:image\" content=\"http:\/\/www.vitalseguro.com\/wp-content\/uploads\/2026\/04\/AdobeStock_580461353-scaled.jpeg\" \/>\n\t<meta property=\"og:image:width\" content=\"2560\" \/>\n\t<meta property=\"og:image:height\" content=\"1708\" \/>\n\t<meta property=\"og:image:type\" content=\"image\/jpeg\" \/>\n<meta name=\"author\" content=\"wowsrb\" \/>\n<meta name=\"twitter:card\" content=\"summary_large_image\" \/>\n<meta name=\"twitter:label1\" content=\"Written by\" \/>\n\t<meta name=\"twitter:data1\" content=\"wowsrb\" \/>\n\t<meta name=\"twitter:label2\" content=\"Est. reading time\" \/>\n\t<meta name=\"twitter:data2\" content=\"13 minutes\" \/>\n<script type=\"application\/ld+json\" class=\"yoast-schema-graph\">{\"@context\":\"https:\\\/\\\/schema.org\",\"@graph\":[{\"@type\":\"Article\",\"@id\":\"https:\\\/\\\/www.vitalseguro.com\\\/ca\\\/blog\\\/noticies\\\/benestar-emocional-autocura-adult\\\/#article\",\"isPartOf\":{\"@id\":\"https:\\\/\\\/www.vitalseguro.com\\\/ca\\\/blog\\\/noticies\\\/benestar-emocional-autocura-adult\\\/\"},\"author\":{\"name\":\"wowsrb\",\"@id\":\"https:\\\/\\\/www.vitalseguro.com\\\/#\\\/schema\\\/person\\\/5c110e0211e105e59c8ee897256a0b3b\"},\"headline\":\"Benestar emocional i autocura a la vida adulta\",\"datePublished\":\"2026-04-29T08:06:23+00:00\",\"dateModified\":\"2026-04-29T09:59:43+00:00\",\"mainEntityOfPage\":{\"@id\":\"https:\\\/\\\/www.vitalseguro.com\\\/ca\\\/blog\\\/noticies\\\/benestar-emocional-autocura-adult\\\/\"},\"wordCount\":2912,\"publisher\":{\"@id\":\"https:\\\/\\\/www.vitalseguro.com\\\/#organization\"},\"image\":{\"@id\":\"https:\\\/\\\/www.vitalseguro.com\\\/ca\\\/blog\\\/noticies\\\/benestar-emocional-autocura-adult\\\/#primaryimage\"},\"thumbnailUrl\":\"https:\\\/\\\/www.vitalseguro.com\\\/wp-content\\\/uploads\\\/2026\\\/04\\\/AdobeStock_580461353-scaled.jpeg\",\"articleSection\":[\"Not\u00edcies\",\"Salut\"],\"inLanguage\":\"ca-ES\"},{\"@type\":\"WebPage\",\"@id\":\"https:\\\/\\\/www.vitalseguro.com\\\/ca\\\/blog\\\/noticies\\\/benestar-emocional-autocura-adult\\\/\",\"url\":\"https:\\\/\\\/www.vitalseguro.com\\\/ca\\\/blog\\\/noticies\\\/benestar-emocional-autocura-adult\\\/\",\"name\":\"Benestar emocional i autocura a la vida adulta\",\"isPartOf\":{\"@id\":\"https:\\\/\\\/www.vitalseguro.com\\\/#website\"},\"primaryImageOfPage\":{\"@id\":\"https:\\\/\\\/www.vitalseguro.com\\\/ca\\\/blog\\\/noticies\\\/benestar-emocional-autocura-adult\\\/#primaryimage\"},\"image\":{\"@id\":\"https:\\\/\\\/www.vitalseguro.com\\\/ca\\\/blog\\\/noticies\\\/benestar-emocional-autocura-adult\\\/#primaryimage\"},\"thumbnailUrl\":\"https:\\\/\\\/www.vitalseguro.com\\\/wp-content\\\/uploads\\\/2026\\\/04\\\/AdobeStock_580461353-scaled.jpeg\",\"datePublished\":\"2026-04-29T08:06:23+00:00\",\"dateModified\":\"2026-04-29T09:59:43+00:00\",\"description\":\"Descobreix qu\u00e8 \u00e9s el benestar emocional, per qu\u00e8 \u00e9s clau a la vida adulta i com cultivar-lo. Guia completa amb autocura, regulaci\u00f3 emocional, h\u00e0bits i estrat\u00e8gies basades en evid\u00e8ncia.\",\"breadcrumb\":{\"@id\":\"https:\\\/\\\/www.vitalseguro.com\\\/ca\\\/blog\\\/noticies\\\/benestar-emocional-autocura-adult\\\/#breadcrumb\"},\"inLanguage\":\"ca-ES\",\"potentialAction\":[{\"@type\":\"ReadAction\",\"target\":[\"https:\\\/\\\/www.vitalseguro.com\\\/ca\\\/blog\\\/noticies\\\/benestar-emocional-autocura-adult\\\/\"]}]},{\"@type\":\"ImageObject\",\"inLanguage\":\"ca-ES\",\"@id\":\"https:\\\/\\\/www.vitalseguro.com\\\/ca\\\/blog\\\/noticies\\\/benestar-emocional-autocura-adult\\\/#primaryimage\",\"url\":\"https:\\\/\\\/www.vitalseguro.com\\\/wp-content\\\/uploads\\\/2026\\\/04\\\/AdobeStock_580461353-scaled.jpeg\",\"contentUrl\":\"https:\\\/\\\/www.vitalseguro.com\\\/wp-content\\\/uploads\\\/2026\\\/04\\\/AdobeStock_580461353-scaled.jpeg\",\"width\":2560,\"height\":1708},{\"@type\":\"BreadcrumbList\",\"@id\":\"https:\\\/\\\/www.vitalseguro.com\\\/ca\\\/blog\\\/noticies\\\/benestar-emocional-autocura-adult\\\/#breadcrumb\",\"itemListElement\":[{\"@type\":\"ListItem\",\"position\":1,\"name\":\"Portada\",\"item\":\"http:\\\/\\\/www.vitalseguro.com\\\/ca\\\/\"},{\"@type\":\"ListItem\",\"position\":2,\"name\":\"Benestar emocional i autocura a la vida adulta\"}]},{\"@type\":\"WebSite\",\"@id\":\"https:\\\/\\\/www.vitalseguro.com\\\/#website\",\"url\":\"https:\\\/\\\/www.vitalseguro.com\\\/\",\"name\":\"Vital Seguro\",\"description\":\"\",\"publisher\":{\"@id\":\"https:\\\/\\\/www.vitalseguro.com\\\/#organization\"},\"alternateName\":\"vitalseguro\",\"potentialAction\":[{\"@type\":\"SearchAction\",\"target\":{\"@type\":\"EntryPoint\",\"urlTemplate\":\"https:\\\/\\\/www.vitalseguro.com\\\/?s={search_term_string}\"},\"query-input\":{\"@type\":\"PropertyValueSpecification\",\"valueRequired\":true,\"valueName\":\"search_term_string\"}}],\"inLanguage\":\"ca-ES\"},{\"@type\":\"Organization\",\"@id\":\"https:\\\/\\\/www.vitalseguro.com\\\/#organization\",\"name\":\"Vital Seguro\",\"alternateName\":\"vitalseguro\",\"url\":\"https:\\\/\\\/www.vitalseguro.com\\\/\",\"logo\":{\"@type\":\"ImageObject\",\"inLanguage\":\"ca-ES\",\"@id\":\"https:\\\/\\\/www.vitalseguro.com\\\/#\\\/schema\\\/logo\\\/image\\\/\",\"url\":\"https:\\\/\\\/www.vitalseguro.com\\\/wp-content\\\/uploads\\\/2024\\\/06\\\/Logo-Vital-2024.png\",\"contentUrl\":\"https:\\\/\\\/www.vitalseguro.com\\\/wp-content\\\/uploads\\\/2024\\\/06\\\/Logo-Vital-2024.png\",\"width\":150,\"height\":91,\"caption\":\"Vital Seguro\"},\"image\":{\"@id\":\"https:\\\/\\\/www.vitalseguro.com\\\/#\\\/schema\\\/logo\\\/image\\\/\"},\"sameAs\":[\"https:\\\/\\\/www.facebook.com\\\/profile.php?id=100045127467032\",\"https:\\\/\\\/www.instagram.com\\\/vitalseguro\\\/\"]},{\"@type\":\"Person\",\"@id\":\"https:\\\/\\\/www.vitalseguro.com\\\/#\\\/schema\\\/person\\\/5c110e0211e105e59c8ee897256a0b3b\",\"name\":\"wowsrb\",\"url\":\"https:\\\/\\\/www.vitalseguro.com\\\/ca\\\/blog\\\/author\\\/wowsrb\\\/\"}]}<\/script>\n<!-- \/ Yoast SEO plugin. -->","yoast_head_json":{"title":"Benestar emocional i autocura a la vida adulta","description":"Descobreix qu\u00e8 \u00e9s el benestar emocional, per qu\u00e8 \u00e9s clau a la vida adulta i com cultivar-lo. Guia completa amb autocura, regulaci\u00f3 emocional, h\u00e0bits i estrat\u00e8gies basades en evid\u00e8ncia.","robots":{"index":"index","follow":"follow","max-snippet":"max-snippet:-1","max-image-preview":"max-image-preview:large","max-video-preview":"max-video-preview:-1"},"canonical":"https:\/\/www.vitalseguro.com\/ca\/blog\/noticies\/benestar-emocional-autocura-adult\/","og_locale":"ca_ES","og_type":"article","og_title":"Benestar emocional i autocura a la vida adulta","og_description":"Descobreix qu\u00e8 \u00e9s el benestar emocional, per qu\u00e8 \u00e9s clau a la vida adulta i com cultivar-lo. Guia completa amb autocura, regulaci\u00f3 emocional, h\u00e0bits i estrat\u00e8gies basades en evid\u00e8ncia.","og_url":"https:\/\/www.vitalseguro.com\/ca\/blog\/noticies\/benestar-emocional-autocura-adult\/","og_site_name":"Vital Seguro","article_publisher":"https:\/\/www.facebook.com\/profile.php?id=100045127467032","article_published_time":"2026-04-29T08:06:23+00:00","article_modified_time":"2026-04-29T09:59:43+00:00","og_image":[{"width":2560,"height":1708,"url":"http:\/\/www.vitalseguro.com\/wp-content\/uploads\/2026\/04\/AdobeStock_580461353-scaled.jpeg","type":"image\/jpeg"}],"author":"wowsrb","twitter_card":"summary_large_image","twitter_misc":{"Written by":"wowsrb","Est. reading time":"13 minutes"},"schema":{"@context":"https:\/\/schema.org","@graph":[{"@type":"Article","@id":"https:\/\/www.vitalseguro.com\/ca\/blog\/noticies\/benestar-emocional-autocura-adult\/#article","isPartOf":{"@id":"https:\/\/www.vitalseguro.com\/ca\/blog\/noticies\/benestar-emocional-autocura-adult\/"},"author":{"name":"wowsrb","@id":"https:\/\/www.vitalseguro.com\/#\/schema\/person\/5c110e0211e105e59c8ee897256a0b3b"},"headline":"Benestar emocional i autocura a la vida adulta","datePublished":"2026-04-29T08:06:23+00:00","dateModified":"2026-04-29T09:59:43+00:00","mainEntityOfPage":{"@id":"https:\/\/www.vitalseguro.com\/ca\/blog\/noticies\/benestar-emocional-autocura-adult\/"},"wordCount":2912,"publisher":{"@id":"https:\/\/www.vitalseguro.com\/#organization"},"image":{"@id":"https:\/\/www.vitalseguro.com\/ca\/blog\/noticies\/benestar-emocional-autocura-adult\/#primaryimage"},"thumbnailUrl":"https:\/\/www.vitalseguro.com\/wp-content\/uploads\/2026\/04\/AdobeStock_580461353-scaled.jpeg","articleSection":["Not\u00edcies","Salut"],"inLanguage":"ca-ES"},{"@type":"WebPage","@id":"https:\/\/www.vitalseguro.com\/ca\/blog\/noticies\/benestar-emocional-autocura-adult\/","url":"https:\/\/www.vitalseguro.com\/ca\/blog\/noticies\/benestar-emocional-autocura-adult\/","name":"Benestar emocional i autocura a la vida adulta","isPartOf":{"@id":"https:\/\/www.vitalseguro.com\/#website"},"primaryImageOfPage":{"@id":"https:\/\/www.vitalseguro.com\/ca\/blog\/noticies\/benestar-emocional-autocura-adult\/#primaryimage"},"image":{"@id":"https:\/\/www.vitalseguro.com\/ca\/blog\/noticies\/benestar-emocional-autocura-adult\/#primaryimage"},"thumbnailUrl":"https:\/\/www.vitalseguro.com\/wp-content\/uploads\/2026\/04\/AdobeStock_580461353-scaled.jpeg","datePublished":"2026-04-29T08:06:23+00:00","dateModified":"2026-04-29T09:59:43+00:00","description":"Descobreix qu\u00e8 \u00e9s el benestar emocional, per qu\u00e8 \u00e9s clau a la vida adulta i com cultivar-lo. Guia completa amb autocura, regulaci\u00f3 emocional, h\u00e0bits i estrat\u00e8gies basades en evid\u00e8ncia.","breadcrumb":{"@id":"https:\/\/www.vitalseguro.com\/ca\/blog\/noticies\/benestar-emocional-autocura-adult\/#breadcrumb"},"inLanguage":"ca-ES","potentialAction":[{"@type":"ReadAction","target":["https:\/\/www.vitalseguro.com\/ca\/blog\/noticies\/benestar-emocional-autocura-adult\/"]}]},{"@type":"ImageObject","inLanguage":"ca-ES","@id":"https:\/\/www.vitalseguro.com\/ca\/blog\/noticies\/benestar-emocional-autocura-adult\/#primaryimage","url":"https:\/\/www.vitalseguro.com\/wp-content\/uploads\/2026\/04\/AdobeStock_580461353-scaled.jpeg","contentUrl":"https:\/\/www.vitalseguro.com\/wp-content\/uploads\/2026\/04\/AdobeStock_580461353-scaled.jpeg","width":2560,"height":1708},{"@type":"BreadcrumbList","@id":"https:\/\/www.vitalseguro.com\/ca\/blog\/noticies\/benestar-emocional-autocura-adult\/#breadcrumb","itemListElement":[{"@type":"ListItem","position":1,"name":"Portada","item":"http:\/\/www.vitalseguro.com\/ca\/"},{"@type":"ListItem","position":2,"name":"Benestar emocional i autocura a la vida adulta"}]},{"@type":"WebSite","@id":"https:\/\/www.vitalseguro.com\/#website","url":"https:\/\/www.vitalseguro.com\/","name":"Vital Seguro","description":"","publisher":{"@id":"https:\/\/www.vitalseguro.com\/#organization"},"alternateName":"vitalseguro","potentialAction":[{"@type":"SearchAction","target":{"@type":"EntryPoint","urlTemplate":"https:\/\/www.vitalseguro.com\/?s={search_term_string}"},"query-input":{"@type":"PropertyValueSpecification","valueRequired":true,"valueName":"search_term_string"}}],"inLanguage":"ca-ES"},{"@type":"Organization","@id":"https:\/\/www.vitalseguro.com\/#organization","name":"Vital Seguro","alternateName":"vitalseguro","url":"https:\/\/www.vitalseguro.com\/","logo":{"@type":"ImageObject","inLanguage":"ca-ES","@id":"https:\/\/www.vitalseguro.com\/#\/schema\/logo\/image\/","url":"https:\/\/www.vitalseguro.com\/wp-content\/uploads\/2024\/06\/Logo-Vital-2024.png","contentUrl":"https:\/\/www.vitalseguro.com\/wp-content\/uploads\/2024\/06\/Logo-Vital-2024.png","width":150,"height":91,"caption":"Vital Seguro"},"image":{"@id":"https:\/\/www.vitalseguro.com\/#\/schema\/logo\/image\/"},"sameAs":["https:\/\/www.facebook.com\/profile.php?id=100045127467032","https:\/\/www.instagram.com\/vitalseguro\/"]},{"@type":"Person","@id":"https:\/\/www.vitalseguro.com\/#\/schema\/person\/5c110e0211e105e59c8ee897256a0b3b","name":"wowsrb","url":"https:\/\/www.vitalseguro.com\/ca\/blog\/author\/wowsrb\/"}]}},"_links":{"self":[{"href":"https:\/\/www.vitalseguro.com\/ca\/wp-json\/wp\/v2\/posts\/16948","targetHints":{"allow":["GET"]}}],"collection":[{"href":"https:\/\/www.vitalseguro.com\/ca\/wp-json\/wp\/v2\/posts"}],"about":[{"href":"https:\/\/www.vitalseguro.com\/ca\/wp-json\/wp\/v2\/types\/post"}],"author":[{"embeddable":true,"href":"https:\/\/www.vitalseguro.com\/ca\/wp-json\/wp\/v2\/users\/5"}],"replies":[{"embeddable":true,"href":"https:\/\/www.vitalseguro.com\/ca\/wp-json\/wp\/v2\/comments?post=16948"}],"version-history":[{"count":4,"href":"https:\/\/www.vitalseguro.com\/ca\/wp-json\/wp\/v2\/posts\/16948\/revisions"}],"predecessor-version":[{"id":16956,"href":"https:\/\/www.vitalseguro.com\/ca\/wp-json\/wp\/v2\/posts\/16948\/revisions\/16956"}],"wp:featuredmedia":[{"embeddable":true,"href":"https:\/\/www.vitalseguro.com\/ca\/wp-json\/wp\/v2\/media\/16950"}],"wp:attachment":[{"href":"https:\/\/www.vitalseguro.com\/ca\/wp-json\/wp\/v2\/media?parent=16948"}],"wp:term":[{"taxonomy":"category","embeddable":true,"href":"https:\/\/www.vitalseguro.com\/ca\/wp-json\/wp\/v2\/categories?post=16948"},{"taxonomy":"post_tag","embeddable":true,"href":"https:\/\/www.vitalseguro.com\/ca\/wp-json\/wp\/v2\/tags?post=16948"}],"curies":[{"name":"wp","href":"https:\/\/api.w.org\/{rel}","templated":true}]}}